{"id":1244,"date":"2026-02-20T13:12:09","date_gmt":"2026-02-20T13:12:09","guid":{"rendered":"https:\/\/jacksbarbershop.lu\/?p=1244"},"modified":"2026-02-20T13:50:09","modified_gmt":"2026-02-20T13:50:09","slug":"quelle-coupe-de-cheveux-correspond-a-la-forme-de-votre-visage-decouvrez-le-au-la-classe-barbershop","status":"publish","type":"post","link":"https:\/\/jacksbarbershop.lu\/en\/quelle-coupe-de-cheveux-correspond-a-la-forme-de-votre-visage-decouvrez-le-au-la-classe-barbershop\/","title":{"rendered":"Which haircut matches the shape of your face?"},"content":{"rendered":"<p>Choisir une coupe de cheveux ne d\u00e9pend pas seulement de la mode ou des tendances. La forme de votre visage joue un r\u00f4le essentiel dans l\u2019\u00e9quilibre et l\u2019harmonie du style. Au&nbsp;<strong>La Classe Barbershop<\/strong>, \u00e0&nbsp;<strong>Saint-Nom-la-Bret\u00e8che<\/strong>, nos barbiers analysent la morphologie de chaque client pour cr\u00e9er une coupe qui met r\u00e9ellement ses traits en valeur. Voici comment reconna\u00eetre votre type de visage \u2014 et surtout, la coupe qui vous conviendra le mieux.<\/p>\n\n\n\n<figure class=\"wp-block-image size-large is-resized\"><img fetchpriority=\"high\" decoding=\"async\" width=\"768\" height=\"1024\" src=\"https:\/\/jacksbarbershop.lu\/wp-content\/uploads\/2026\/02\/10522568-768x1024.png\" alt=\"\" class=\"wp-image-124\" style=\"aspect-ratio:0.7500108709831718;width:491px;height:auto\" srcset=\"https:\/\/jacksbarbershop.lu\/wp-content\/uploads\/2026\/02\/10522568-768x1024.png 768w, https:\/\/jacksbarbershop.lu\/wp-content\/uploads\/2026\/02\/10522568-225x300.png 225w, https:\/\/jacksbarbershop.lu\/wp-content\/uploads\/2026\/02\/10522568-1152x1536.png 1152w, https:\/\/jacksbarbershop.lu\/wp-content\/uploads\/2026\/02\/10522568-1536x2048.png 1536w, https:\/\/jacksbarbershop.lu\/wp-content\/uploads\/2026\/02\/10522568-scaled.png 1920w\" sizes=\"(max-width: 768px) 100vw, 768px\" \/><\/figure>\n\n\n\n<h3 class=\"wp-block-heading\"><strong>1. Visage ovale : la polyvalence par excellence<\/strong><\/h3>\n\n\n\n<p>Le visage ovale est le plus \u00e9quilibr\u00e9. Gr\u00e2ce \u00e0 ses proportions harmonieuses, il s\u2019adapte \u00e0 presque toutes les coupes \u2014 du&nbsp;<strong>fade moderne<\/strong>&nbsp;\u00e0 la&nbsp;<strong>coupe classique aux ciseaux<\/strong>.<br>Nos barbiers recommandent simplement d\u2019\u00e9viter un volume trop haut, pour ne pas allonger le visage davantage. C\u2019est le format id\u00e9al pour exp\u00e9rimenter diff\u00e9rents styles.<\/p>\n\n\n\n<p><\/p>","protected":false},"excerpt":{"rendered":"<p>Choisir une coupe de cheveux ne d\u00e9pend pas seulement de la mode ou des tendances. La forme de votre visage joue un r\u00f4le essentiel dans l\u2019\u00e9quilibre et l\u2019harmonie du style. Au&nbsp;La Classe Barbershop, \u00e0&nbsp;Saint-Nom-la-Bret\u00e8che, nos barbiers analysent la morphologie de chaque client pour cr\u00e9er une coupe qui met r\u00e9ellement ses traits en valeur. Voici comment reconna\u00eetre votre type de visage \u2014 et surtout, la coupe qui vous conviendra le mieux. 1. Visage ovale : la polyvalence par excellence Le visage ovale est le plus \u00e9quilibr\u00e9. Gr\u00e2ce \u00e0 ses proportions harmonieuses, il s\u2019adapte \u00e0 presque toutes les coupes \u2014 du&nbsp;fade moderne&nbsp;\u00e0 la&nbsp;coupe classique aux ciseaux.Nos barbiers recommandent simplement d\u2019\u00e9viter un volume trop haut, pour ne pas allonger le visage davantage. C\u2019est le format id\u00e9al pour exp\u00e9rimenter diff\u00e9rents styles.<\/p>","protected":false},"author":1,"featured_media":124,"comment_status":"open","ping_status":"open","sticky":false,"template":"","format":"standard","meta":{"footnotes":""},"categories":[1],"tags":[],"class_list":["post-1244","post","type-post","status-publish","format-standard","has-post-thumbnail","hentry","category-uncategorized"],"yoast_head":"<!-- This site is optimized with the Yoast SEO plugin v27.4 - https:\/\/yoast.com\/product\/yoast-seo-wordpress\/ -->\n<title>Quelle coupe de cheveux correspond \u00e0 la forme de votre visage ? - Jacks Barbershop<\/title>\n<meta name=\"robots\" content=\"noindex, follow, max-snippet:-1, max-image-preview:large, max-video-preview:-1\" \/>\n<meta property=\"og:locale\" content=\"en_GB\" \/>\n<meta property=\"og:type\" content=\"article\" \/>\n<meta property=\"og:title\" content=\"Quelle coupe de cheveux correspond \u00e0 la forme de votre visage ? - Jacks Barbershop\" \/>\n<meta property=\"og:description\" content=\"Choisir une coupe de cheveux ne d\u00e9pend pas seulement de la mode ou des tendances. La forme de votre visage joue un r\u00f4le essentiel dans l\u2019\u00e9quilibre et l\u2019harmonie du style. Au&nbsp;La Classe Barbershop, \u00e0&nbsp;Saint-Nom-la-Bret\u00e8che, nos barbiers analysent la morphologie de chaque client pour cr\u00e9er une coupe qui met r\u00e9ellement ses traits en valeur. Voici comment reconna\u00eetre votre type de visage \u2014 et surtout, la coupe qui vous conviendra le mieux. 1. Visage ovale : la polyvalence par excellence Le visage ovale est le plus \u00e9quilibr\u00e9. Gr\u00e2ce \u00e0 ses proportions harmonieuses, il s\u2019adapte \u00e0 presque toutes les coupes \u2014 du&nbsp;fade moderne&nbsp;\u00e0 la&nbsp;coupe classique aux ciseaux.Nos barbiers recommandent simplement d\u2019\u00e9viter un volume trop haut, pour ne pas allonger le visage davantage. C\u2019est le format id\u00e9al pour exp\u00e9rimenter diff\u00e9rents styles.\" \/>\n<meta property=\"og:url\" content=\"https:\/\/jacksbarbershop.lu\/en\/quelle-coupe-de-cheveux-correspond-a-la-forme-de-votre-visage-decouvrez-le-au-la-classe-barbershop\/\" \/>\n<meta property=\"og:site_name\" content=\"Jacks Barbershop\" \/>\n<meta property=\"article:published_time\" content=\"2026-02-20T13:12:09+00:00\" \/>\n<meta property=\"article:modified_time\" content=\"2026-02-20T13:50:09+00:00\" \/>\n<meta property=\"og:image\" content=\"https:\/\/jacksbarbershop.lu\/wp-content\/uploads\/2026\/02\/10522568-768x1024.png\" \/>\n\t<meta property=\"og:image:width\" content=\"768\" \/>\n\t<meta property=\"og:image:height\" content=\"1024\" \/>\n\t<meta property=\"og:image:type\" content=\"image\/png\" \/>\n<meta name=\"author\" content=\"jacksbarbershop\" \/>\n<meta name=\"twitter:card\" content=\"summary_large_image\" \/>\n<meta name=\"twitter:label1\" content=\"Written by\" \/>\n\t<meta name=\"twitter:data1\" content=\"jacksbarbershop\" \/>\n\t<meta name=\"twitter:label2\" content=\"Estimated reading time\" \/>\n\t<meta name=\"twitter:data2\" content=\"2 minutes\" \/>\n<script type=\"application\/ld+json\" class=\"yoast-schema-graph\">{\"@context\":\"https:\\\/\\\/schema.org\",\"@graph\":[{\"@type\":\"Article\",\"@id\":\"https:\\\/\\\/jacksbarbershop.lu\\\/quelle-coupe-de-cheveux-correspond-a-la-forme-de-votre-visage-decouvrez-le-au-la-classe-barbershop\\\/#article\",\"isPartOf\":{\"@id\":\"https:\\\/\\\/jacksbarbershop.lu\\\/quelle-coupe-de-cheveux-correspond-a-la-forme-de-votre-visage-decouvrez-le-au-la-classe-barbershop\\\/\"},\"author\":{\"name\":\"jacksbarbershop\",\"@id\":\"https:\\\/\\\/jacksbarbershop.lu\\\/#\\\/schema\\\/person\\\/b0b5315ed432027410a182506654a610\"},\"headline\":\"Quelle coupe de cheveux correspond \u00e0 la forme de votre visage ?\",\"datePublished\":\"2026-02-20T13:12:09+00:00\",\"dateModified\":\"2026-02-20T13:50:09+00:00\",\"mainEntityOfPage\":{\"@id\":\"https:\\\/\\\/jacksbarbershop.lu\\\/quelle-coupe-de-cheveux-correspond-a-la-forme-de-votre-visage-decouvrez-le-au-la-classe-barbershop\\\/\"},\"wordCount\":155,\"commentCount\":0,\"publisher\":{\"@id\":\"https:\\\/\\\/jacksbarbershop.lu\\\/#organization\"},\"image\":{\"@id\":\"https:\\\/\\\/jacksbarbershop.lu\\\/quelle-coupe-de-cheveux-correspond-a-la-forme-de-votre-visage-decouvrez-le-au-la-classe-barbershop\\\/#primaryimage\"},\"thumbnailUrl\":\"https:\\\/\\\/jacksbarbershop.lu\\\/wp-content\\\/uploads\\\/2026\\\/02\\\/10522568-scaled.png\",\"articleSection\":[\"Uncategorized\"],\"inLanguage\":\"en-GB\",\"potentialAction\":[{\"@type\":\"CommentAction\",\"name\":\"Comment\",\"target\":[\"https:\\\/\\\/jacksbarbershop.lu\\\/quelle-coupe-de-cheveux-correspond-a-la-forme-de-votre-visage-decouvrez-le-au-la-classe-barbershop\\\/#respond\"]}]},{\"@type\":\"WebPage\",\"@id\":\"https:\\\/\\\/jacksbarbershop.lu\\\/quelle-coupe-de-cheveux-correspond-a-la-forme-de-votre-visage-decouvrez-le-au-la-classe-barbershop\\\/\",\"url\":\"https:\\\/\\\/jacksbarbershop.lu\\\/quelle-coupe-de-cheveux-correspond-a-la-forme-de-votre-visage-decouvrez-le-au-la-classe-barbershop\\\/\",\"name\":\"Quelle coupe de cheveux correspond \u00e0 la forme de votre visage ? - Jacks Barbershop\",\"isPartOf\":{\"@id\":\"https:\\\/\\\/jacksbarbershop.lu\\\/#website\"},\"primaryImageOfPage\":{\"@id\":\"https:\\\/\\\/jacksbarbershop.lu\\\/quelle-coupe-de-cheveux-correspond-a-la-forme-de-votre-visage-decouvrez-le-au-la-classe-barbershop\\\/#primaryimage\"},\"image\":{\"@id\":\"https:\\\/\\\/jacksbarbershop.lu\\\/quelle-coupe-de-cheveux-correspond-a-la-forme-de-votre-visage-decouvrez-le-au-la-classe-barbershop\\\/#primaryimage\"},\"thumbnailUrl\":\"https:\\\/\\\/jacksbarbershop.lu\\\/wp-content\\\/uploads\\\/2026\\\/02\\\/10522568-scaled.png\",\"datePublished\":\"2026-02-20T13:12:09+00:00\",\"dateModified\":\"2026-02-20T13:50:09+00:00\",\"breadcrumb\":{\"@id\":\"https:\\\/\\\/jacksbarbershop.lu\\\/quelle-coupe-de-cheveux-correspond-a-la-forme-de-votre-visage-decouvrez-le-au-la-classe-barbershop\\\/#breadcrumb\"},\"inLanguage\":\"en-GB\",\"potentialAction\":[{\"@type\":\"ReadAction\",\"target\":[\"https:\\\/\\\/jacksbarbershop.lu\\\/quelle-coupe-de-cheveux-correspond-a-la-forme-de-votre-visage-decouvrez-le-au-la-classe-barbershop\\\/\"]}]},{\"@type\":\"ImageObject\",\"inLanguage\":\"en-GB\",\"@id\":\"https:\\\/\\\/jacksbarbershop.lu\\\/quelle-coupe-de-cheveux-correspond-a-la-forme-de-votre-visage-decouvrez-le-au-la-classe-barbershop\\\/#primaryimage\",\"url\":\"https:\\\/\\\/jacksbarbershop.lu\\\/wp-content\\\/uploads\\\/2026\\\/02\\\/10522568-scaled.png\",\"contentUrl\":\"https:\\\/\\\/jacksbarbershop.lu\\\/wp-content\\\/uploads\\\/2026\\\/02\\\/10522568-scaled.png\",\"width\":1920,\"height\":2560,\"caption\":\"Barbier au travail Jack's Barbershop Luxembourg\"},{\"@type\":\"BreadcrumbList\",\"@id\":\"https:\\\/\\\/jacksbarbershop.lu\\\/quelle-coupe-de-cheveux-correspond-a-la-forme-de-votre-visage-decouvrez-le-au-la-classe-barbershop\\\/#breadcrumb\",\"itemListElement\":[{\"@type\":\"ListItem\",\"position\":1,\"name\":\"Accueil\",\"item\":\"https:\\\/\\\/jacksbarbershop.lu\\\/\"},{\"@type\":\"ListItem\",\"position\":2,\"name\":\"Quelle coupe de cheveux correspond \u00e0 la forme de votre visage ?\"}]},{\"@type\":\"WebSite\",\"@id\":\"https:\\\/\\\/jacksbarbershop.lu\\\/#website\",\"url\":\"https:\\\/\\\/jacksbarbershop.lu\\\/\",\"name\":\"Jack's Barbershop\",\"description\":\"\",\"publisher\":{\"@id\":\"https:\\\/\\\/jacksbarbershop.lu\\\/#organization\"},\"potentialAction\":[{\"@type\":\"SearchAction\",\"target\":{\"@type\":\"EntryPoint\",\"urlTemplate\":\"https:\\\/\\\/jacksbarbershop.lu\\\/?s={search_term_string}\"},\"query-input\":{\"@type\":\"PropertyValueSpecification\",\"valueRequired\":true,\"valueName\":\"search_term_string\"}}],\"inLanguage\":\"en-GB\"},{\"@type\":\"Organization\",\"@id\":\"https:\\\/\\\/jacksbarbershop.lu\\\/#organization\",\"name\":\"Jack's Barbershop\",\"url\":\"https:\\\/\\\/jacksbarbershop.lu\\\/\",\"logo\":{\"@type\":\"ImageObject\",\"inLanguage\":\"en-GB\",\"@id\":\"https:\\\/\\\/jacksbarbershop.lu\\\/#\\\/schema\\\/logo\\\/image\\\/\",\"url\":\"https:\\\/\\\/jacksbarbershop.lu\\\/wp-content\\\/uploads\\\/2026\\\/02\\\/cropped-17-e1771495806969.png\",\"contentUrl\":\"https:\\\/\\\/jacksbarbershop.lu\\\/wp-content\\\/uploads\\\/2026\\\/02\\\/cropped-17-e1771495806969.png\",\"width\":912,\"height\":427,\"caption\":\"Jack's Barbershop\"},\"image\":{\"@id\":\"https:\\\/\\\/jacksbarbershop.lu\\\/#\\\/schema\\\/logo\\\/image\\\/\"}},{\"@type\":\"Person\",\"@id\":\"https:\\\/\\\/jacksbarbershop.lu\\\/#\\\/schema\\\/person\\\/b0b5315ed432027410a182506654a610\",\"name\":\"jacksbarbershop\",\"image\":{\"@type\":\"ImageObject\",\"inLanguage\":\"en-GB\",\"@id\":\"https:\\\/\\\/secure.gravatar.com\\\/avatar\\\/f01af1c355eedfc6fecb8fb2eb373a6880c6cf02c343f1c71c6d7dbac6528c21?s=96&d=mm&r=g\",\"url\":\"https:\\\/\\\/secure.gravatar.com\\\/avatar\\\/f01af1c355eedfc6fecb8fb2eb373a6880c6cf02c343f1c71c6d7dbac6528c21?s=96&d=mm&r=g\",\"contentUrl\":\"https:\\\/\\\/secure.gravatar.com\\\/avatar\\\/f01af1c355eedfc6fecb8fb2eb373a6880c6cf02c343f1c71c6d7dbac6528c21?s=96&d=mm&r=g\",\"caption\":\"jacksbarbershop\"},\"sameAs\":[\"https:\\\/\\\/jacksbarbershop.lu\"],\"url\":\"https:\\\/\\\/jacksbarbershop.lu\\\/en\\\/author\\\/jacksbarbershop\\\/\"}]}<\/script>\n<!-- \/ Yoast SEO plugin. -->","yoast_head_json":{"title":"Quelle coupe de cheveux correspond \u00e0 la forme de votre visage ? - Jacks Barbershop","robots":{"index":"noindex","follow":"follow","max-snippet":"max-snippet:-1","max-image-preview":"max-image-preview:large","max-video-preview":"max-video-preview:-1"},"og_locale":"en_GB","og_type":"article","og_title":"Quelle coupe de cheveux correspond \u00e0 la forme de votre visage ? - Jacks Barbershop","og_description":"Choisir une coupe de cheveux ne d\u00e9pend pas seulement de la mode ou des tendances. La forme de votre visage joue un r\u00f4le essentiel dans l\u2019\u00e9quilibre et l\u2019harmonie du style. Au&nbsp;La Classe Barbershop, \u00e0&nbsp;Saint-Nom-la-Bret\u00e8che, nos barbiers analysent la morphologie de chaque client pour cr\u00e9er une coupe qui met r\u00e9ellement ses traits en valeur. Voici comment reconna\u00eetre votre type de visage \u2014 et surtout, la coupe qui vous conviendra le mieux. 1. Visage ovale : la polyvalence par excellence Le visage ovale est le plus \u00e9quilibr\u00e9. Gr\u00e2ce \u00e0 ses proportions harmonieuses, il s\u2019adapte \u00e0 presque toutes les coupes \u2014 du&nbsp;fade moderne&nbsp;\u00e0 la&nbsp;coupe classique aux ciseaux.Nos barbiers recommandent simplement d\u2019\u00e9viter un volume trop haut, pour ne pas allonger le visage davantage. C\u2019est le format id\u00e9al pour exp\u00e9rimenter diff\u00e9rents styles.","og_url":"https:\/\/jacksbarbershop.lu\/en\/quelle-coupe-de-cheveux-correspond-a-la-forme-de-votre-visage-decouvrez-le-au-la-classe-barbershop\/","og_site_name":"Jacks Barbershop","article_published_time":"2026-02-20T13:12:09+00:00","article_modified_time":"2026-02-20T13:50:09+00:00","og_image":[{"width":768,"height":1024,"url":"https:\/\/jacksbarbershop.lu\/wp-content\/uploads\/2026\/02\/10522568-768x1024.png","type":"image\/png"}],"author":"jacksbarbershop","twitter_card":"summary_large_image","twitter_misc":{"Written by":"jacksbarbershop","Estimated reading time":"2 minutes"},"schema":{"@context":"https:\/\/schema.org","@graph":[{"@type":"Article","@id":"https:\/\/jacksbarbershop.lu\/quelle-coupe-de-cheveux-correspond-a-la-forme-de-votre-visage-decouvrez-le-au-la-classe-barbershop\/#article","isPartOf":{"@id":"https:\/\/jacksbarbershop.lu\/quelle-coupe-de-cheveux-correspond-a-la-forme-de-votre-visage-decouvrez-le-au-la-classe-barbershop\/"},"author":{"name":"jacksbarbershop","@id":"https:\/\/jacksbarbershop.lu\/#\/schema\/person\/b0b5315ed432027410a182506654a610"},"headline":"Quelle coupe de cheveux correspond \u00e0 la forme de votre visage ?","datePublished":"2026-02-20T13:12:09+00:00","dateModified":"2026-02-20T13:50:09+00:00","mainEntityOfPage":{"@id":"https:\/\/jacksbarbershop.lu\/quelle-coupe-de-cheveux-correspond-a-la-forme-de-votre-visage-decouvrez-le-au-la-classe-barbershop\/"},"wordCount":155,"commentCount":0,"publisher":{"@id":"https:\/\/jacksbarbershop.lu\/#organization"},"image":{"@id":"https:\/\/jacksbarbershop.lu\/quelle-coupe-de-cheveux-correspond-a-la-forme-de-votre-visage-decouvrez-le-au-la-classe-barbershop\/#primaryimage"},"thumbnailUrl":"https:\/\/jacksbarbershop.lu\/wp-content\/uploads\/2026\/02\/10522568-scaled.png","articleSection":["Uncategorized"],"inLanguage":"en-GB","potentialAction":[{"@type":"CommentAction","name":"Comment","target":["https:\/\/jacksbarbershop.lu\/quelle-coupe-de-cheveux-correspond-a-la-forme-de-votre-visage-decouvrez-le-au-la-classe-barbershop\/#respond"]}]},{"@type":"WebPage","@id":"https:\/\/jacksbarbershop.lu\/quelle-coupe-de-cheveux-correspond-a-la-forme-de-votre-visage-decouvrez-le-au-la-classe-barbershop\/","url":"https:\/\/jacksbarbershop.lu\/quelle-coupe-de-cheveux-correspond-a-la-forme-de-votre-visage-decouvrez-le-au-la-classe-barbershop\/","name":"Quelle coupe de cheveux correspond \u00e0 la forme de votre visage ? - Jacks Barbershop","isPartOf":{"@id":"https:\/\/jacksbarbershop.lu\/#website"},"primaryImageOfPage":{"@id":"https:\/\/jacksbarbershop.lu\/quelle-coupe-de-cheveux-correspond-a-la-forme-de-votre-visage-decouvrez-le-au-la-classe-barbershop\/#primaryimage"},"image":{"@id":"https:\/\/jacksbarbershop.lu\/quelle-coupe-de-cheveux-correspond-a-la-forme-de-votre-visage-decouvrez-le-au-la-classe-barbershop\/#primaryimage"},"thumbnailUrl":"https:\/\/jacksbarbershop.lu\/wp-content\/uploads\/2026\/02\/10522568-scaled.png","datePublished":"2026-02-20T13:12:09+00:00","dateModified":"2026-02-20T13:50:09+00:00","breadcrumb":{"@id":"https:\/\/jacksbarbershop.lu\/quelle-coupe-de-cheveux-correspond-a-la-forme-de-votre-visage-decouvrez-le-au-la-classe-barbershop\/#breadcrumb"},"inLanguage":"en-GB","potentialAction":[{"@type":"ReadAction","target":["https:\/\/jacksbarbershop.lu\/quelle-coupe-de-cheveux-correspond-a-la-forme-de-votre-visage-decouvrez-le-au-la-classe-barbershop\/"]}]},{"@type":"ImageObject","inLanguage":"en-GB","@id":"https:\/\/jacksbarbershop.lu\/quelle-coupe-de-cheveux-correspond-a-la-forme-de-votre-visage-decouvrez-le-au-la-classe-barbershop\/#primaryimage","url":"https:\/\/jacksbarbershop.lu\/wp-content\/uploads\/2026\/02\/10522568-scaled.png","contentUrl":"https:\/\/jacksbarbershop.lu\/wp-content\/uploads\/2026\/02\/10522568-scaled.png","width":1920,"height":2560,"caption":"Barbier au travail Jack's Barbershop Luxembourg"},{"@type":"BreadcrumbList","@id":"https:\/\/jacksbarbershop.lu\/quelle-coupe-de-cheveux-correspond-a-la-forme-de-votre-visage-decouvrez-le-au-la-classe-barbershop\/#breadcrumb","itemListElement":[{"@type":"ListItem","position":1,"name":"Accueil","item":"https:\/\/jacksbarbershop.lu\/"},{"@type":"ListItem","position":2,"name":"Quelle coupe de cheveux correspond \u00e0 la forme de votre visage ?"}]},{"@type":"WebSite","@id":"https:\/\/jacksbarbershop.lu\/#website","url":"https:\/\/jacksbarbershop.lu\/","name":"Jack's Barbershop","description":"","publisher":{"@id":"https:\/\/jacksbarbershop.lu\/#organization"},"potentialAction":[{"@type":"SearchAction","target":{"@type":"EntryPoint","urlTemplate":"https:\/\/jacksbarbershop.lu\/?s={search_term_string}"},"query-input":{"@type":"PropertyValueSpecification","valueRequired":true,"valueName":"search_term_string"}}],"inLanguage":"en-GB"},{"@type":"Organization","@id":"https:\/\/jacksbarbershop.lu\/#organization","name":"Jack's Barbershop","url":"https:\/\/jacksbarbershop.lu\/","logo":{"@type":"ImageObject","inLanguage":"en-GB","@id":"https:\/\/jacksbarbershop.lu\/#\/schema\/logo\/image\/","url":"https:\/\/jacksbarbershop.lu\/wp-content\/uploads\/2026\/02\/cropped-17-e1771495806969.png","contentUrl":"https:\/\/jacksbarbershop.lu\/wp-content\/uploads\/2026\/02\/cropped-17-e1771495806969.png","width":912,"height":427,"caption":"Jack's Barbershop"},"image":{"@id":"https:\/\/jacksbarbershop.lu\/#\/schema\/logo\/image\/"}},{"@type":"Person","@id":"https:\/\/jacksbarbershop.lu\/#\/schema\/person\/b0b5315ed432027410a182506654a610","name":"jacksbarbershop","image":{"@type":"ImageObject","inLanguage":"en-GB","@id":"https:\/\/secure.gravatar.com\/avatar\/f01af1c355eedfc6fecb8fb2eb373a6880c6cf02c343f1c71c6d7dbac6528c21?s=96&d=mm&r=g","url":"https:\/\/secure.gravatar.com\/avatar\/f01af1c355eedfc6fecb8fb2eb373a6880c6cf02c343f1c71c6d7dbac6528c21?s=96&d=mm&r=g","contentUrl":"https:\/\/secure.gravatar.com\/avatar\/f01af1c355eedfc6fecb8fb2eb373a6880c6cf02c343f1c71c6d7dbac6528c21?s=96&d=mm&r=g","caption":"jacksbarbershop"},"sameAs":["https:\/\/jacksbarbershop.lu"],"url":"https:\/\/jacksbarbershop.lu\/en\/author\/jacksbarbershop\/"}]}},"_links":{"self":[{"href":"https:\/\/jacksbarbershop.lu\/en\/wp-json\/wp\/v2\/posts\/1244","targetHints":{"allow":["GET"]}}],"collection":[{"href":"https:\/\/jacksbarbershop.lu\/en\/wp-json\/wp\/v2\/posts"}],"about":[{"href":"https:\/\/jacksbarbershop.lu\/en\/wp-json\/wp\/v2\/types\/post"}],"author":[{"embeddable":true,"href":"https:\/\/jacksbarbershop.lu\/en\/wp-json\/wp\/v2\/users\/1"}],"replies":[{"embeddable":true,"href":"https:\/\/jacksbarbershop.lu\/en\/wp-json\/wp\/v2\/comments?post=1244"}],"version-history":[{"count":3,"href":"https:\/\/jacksbarbershop.lu\/en\/wp-json\/wp\/v2\/posts\/1244\/revisions"}],"predecessor-version":[{"id":1316,"href":"https:\/\/jacksbarbershop.lu\/en\/wp-json\/wp\/v2\/posts\/1244\/revisions\/1316"}],"wp:featuredmedia":[{"embeddable":true,"href":"https:\/\/jacksbarbershop.lu\/en\/wp-json\/wp\/v2\/media\/124"}],"wp:attachment":[{"href":"https:\/\/jacksbarbershop.lu\/en\/wp-json\/wp\/v2\/media?parent=1244"}],"wp:term":[{"taxonomy":"category","embeddable":true,"href":"https:\/\/jacksbarbershop.lu\/en\/wp-json\/wp\/v2\/categories?post=1244"},{"taxonomy":"post_tag","embeddable":true,"href":"https:\/\/jacksbarbershop.lu\/en\/wp-json\/wp\/v2\/tags?post=1244"}],"curies":[{"name":"wp","href":"https:\/\/api.w.org\/{rel}","templated":true}]}}